{"id":3537,"date":"2022-10-28T16:19:07","date_gmt":"2022-10-28T14:19:07","guid":{"rendered":"https:\/\/alainepron-photographer.fr\/?p=3537"},"modified":"2024-12-30T11:02:04","modified_gmt":"2024-12-30T10:02:04","slug":"photo-theraquoi","status":"publish","type":"post","link":"https:\/\/alainepron-photographer.fr\/index.php\/2022\/10\/28\/photo-theraquoi\/","title":{"rendered":"PHOTO THERAQUOI ??"},"content":{"rendered":"\n<figure class=\"wp-block-image size-full\"><img loading=\"lazy\" decoding=\"async\" width=\"794\" height=\"446\" src=\"https:\/\/alainepron-photographer.fr\/wp-content\/uploads\/2022\/10\/BLOG_05.jpg\" alt=\"PHOTO THERAQUOI ??\" class=\"wp-image-3539\" srcset=\"https:\/\/alainepron-photographer.fr\/wp-content\/uploads\/2022\/10\/BLOG_05.jpg 794w, https:\/\/alainepron-photographer.fr\/wp-content\/uploads\/2022\/10\/BLOG_05-300x169.jpg 300w, https:\/\/alainepron-photographer.fr\/wp-content\/uploads\/2022\/10\/BLOG_05-768x431.jpg 768w, https:\/\/alainepron-photographer.fr\/wp-content\/uploads\/2022\/10\/BLOG_05-250x140.jpg 250w, https:\/\/alainepron-photographer.fr\/wp-content\/uploads\/2022\/10\/BLOG_05-550x309.jpg 550w, https:\/\/alainepron-photographer.fr\/wp-content\/uploads\/2022\/10\/BLOG_05-320x180.jpg 320w, https:\/\/alainepron-photographer.fr\/wp-content\/uploads\/2022\/10\/BLOG_05-534x300.jpg 534w\" sizes=\"auto, (max-width: 794px) 100vw, 794px\" \/><\/figure>\n\n\n\n<p class=\"has-small-font-size\">S\u2019il y a un domaine qui a pris et continue de prendre de l&#8217;ampleur aujourd&#8217;hui en photographie, c&#8217;est la photo th\u00e9rapie. Comme souvent en photo, on y retrouve de tout et du n&#8217;importe quoi, et pour \u00eatre franc, beaucoup, beaucoup de n&#8217;importe quoi.<\/p>\n\n\n\n<h2 class=\"wp-block-heading has-tertiary-color has-text-color has-medium-font-size\">Une repr\u00e9sentation<\/h2>\n\n\n\n<p class=\"has-small-font-size\">Une photo est une repr\u00e9sentation d&#8217;un mod\u00e8le, d&#8217;une sc\u00e8ne, d&#8217;une r\u00e9alit\u00e9\u2026 mais une repr\u00e9sentation parmi tant d&#8217;autres repr\u00e9sentations possibles. Ce n&#8217;est nullement la repr\u00e9sentation &#8220;vrai&#8221; du r\u00e9el mais uniquement le point de vue du photographe, d&#8217;un photographe. Eclairage, cadrage, angle de prise de vue, moment du d\u00e9clenchement, profondeur de champs, r\u00e9glage de l&#8217;appareil\u2026 autant de param\u00e8tre qui cr\u00e9eront une r\u00e9alit\u00e9 parall\u00e8le, diff\u00e9rente d&#8217;un photographe \u00e0 un autre et donc de la r\u00e9alit\u00e9. Et cela sans compter le d\u00e9veloppement de la prise de vue pour la transformer en photo qui l\u00e0 encore sera la r\u00e9sultante de choix, plus ou moins prononc\u00e9s, du photographe (ou de son appareil photo) qui transformeront la r\u00e9alit\u00e9. Et ce n&#8217;est pas fini, car, sauf si la photo est tir\u00e9e sur papier (et encore car chaque papier est diff\u00e9rent et offre un rendu diff\u00e9rent), cela va d\u00e9pendre de votre \u00e9cran d&#8217;ordinateur, de smartphone, de tablette, chacun ayant c&#8217;est propre caract\u00e9ristique de lumi\u00e8re, de rendu des couleurs, de contraste\u2026 Au final, ce que vous allez aimer (ou pas) ce n&#8217;est pas votre corps, celui que vous croyez voir, invers\u00e9, dans le miroir, mais une photo, une repr\u00e9sentation de vous, une parmi plein d&#8217;autre, celle du photographe qui a pris la photo. Une r\u00e9alit\u00e9 qui a exist\u00e9 le temps de la prise de vue, c&#8217;est \u00e0 dire un milli\u00e8me de seconde et qui n&#8217;existera plus. Triste r\u00e9alit\u00e9 en somme et, qui plus est, une r\u00e9alit\u00e9 tr\u00e8s fallacieuse car une photo reste une repr\u00e9sentation 2D d&#8217;un corps en 3D, donc bien loin de la r\u00e9alit\u00e9. Et ne venait surtout pas me parler de la fameuse photo brute qui r\u00e9glerait tous les probl\u00e8mes, mise en avant par de nombreux photographes proposant ce genre de s\u00e9ance, car l\u00e0, la r\u00e9alit\u00e9 devient un mythe, la photo brute n&#8217;existant tout bonnement pas (surtout \u00e0 l&#8217;\u00e9poque du num\u00e9rique).<\/p>\n\n\n\n<h2 class=\"wp-block-heading has-tertiary-color has-text-color has-medium-font-size\">Hypocrisie<\/h2>\n\n\n\n<p class=\"has-small-font-size\">Il y a donc dans tout cela un brin d&#8217;hypocrisie, voire pire, un brin d&#8217;escroquerie. Est-ce que la photo peut vous amener \u00e0 aimer votre corps ? honn\u00eatement j&#8217;en doute car le corps pr\u00e9sent sur la photo n&#8217;est nullement votre corps mais une repr\u00e9sentation subjective de celui-ci \u00e0 un instant T que vous ne retrouverez pas forc\u00e9ment sur d&#8217;autres photos et encore moins dans le reflet de votre miroir tous les matins. D\u00e9sol\u00e9, c&#8217;est comme \u00e7a et il va donc falloir faire avec. Est-ce que la photo peut vous r\u00e9concilier avec votre corps ? Oui sans doute, en vous montrant que celui-ci, si tant est qu&#8217;on le regarde diff\u00e9remment peut \u00eatre joli et agr\u00e9able \u00e0 regarder. Mais \u00e0 ce niveau-l\u00e0, on est plus dans du doux narcissisme tr\u00e8s agr\u00e9able que dans de la v\u00e9ritable th\u00e9rapie qui se retournera un jour contre vous. Mais rassurez-vous le narcissisme n&#8217;est nullement un d\u00e9faut, enfin \u00e0 petite dose et si tant est que l&#8217;on ait conscience de cet instant. Quant \u00e0 ceux qui vous vendent \u00e7a avec du photoshopage \u00e0 outrance\u2026 l\u00e0 c&#8217;est juste risible et pour le coup, une vraie escroquerie. <\/p>\n\n\n\n<h2 class=\"wp-block-heading has-cyan-bluish-gray-color has-text-color has-link-color has-medium-font-size wp-elements-9cedfa4ca136d0c223a0a0f5300c0415\">La confiance en soi<\/h2>\n\n\n\n<p class=\"has-small-font-size\">Que reste t&#8217;il alors. Je dirais la confiance en soi, c&#8217;est-\u00e0-dire, \u00eatre capable de se montrer aux autres de fa\u00e7on diff\u00e9rente, de se voir diff\u00e9remment, d&#8217;autoriser le regard de l&#8217;autre sur soi, que ce soit le regard du photographe que celui des personnes qui verront \u00e9ventuellement les photos (sans perdre de vue que cela pourra g\u00e9n\u00e9rer des remarques, des critiques plus ou moins blessantes qu&#8217;il vous faudra accepter). <\/p>\n\n\n\n<p class=\"has-small-font-size\">Me lancer dans la photographie de mod\u00e8le a \u00e9t\u00e9 tr\u00e8s compliqu\u00e9 pour moi au d\u00e9part de part ma timidit\u00e9 &#8220;maladive&#8221; et le manque de confiance en moi. Mais cela m&#8217;a beaucoup aid\u00e9 \u00e0 d\u00e9passer cet \u00e9tat, et m\u00eame si tout n&#8217;est pas encore gagn\u00e9, j&#8217;ai \u00e9norm\u00e9ment progress\u00e9 et aujourd&#8217;hui, j&#8217;ai beaucoup plus de confiance en moi qu&#8217;il y a une dizaine d&#8217;ann\u00e9e. <\/p>\n\n\n\n<h2 class=\"wp-block-heading has-tertiary-color has-text-color has-medium-font-size\">Porter le bon regard<\/h2>\n\n\n\n<p class=\"has-small-font-size\">Pour finir, une petite anecdote. Un jour un mod\u00e8le m&#8217;a dit : pourquoi je suis belle sur la photo alors que dans le miroir je suis moche. Parce que ce ne sont que des photos, des partis-pris, des choix subjectifs\u2026 pas le reflet d&#8217;une r\u00e9alit\u00e9, que l&#8217;on peut difficilement apercevoir, tout juste entrapercevoir. Car m\u00eame le miroir n&#8217;est nullement la r\u00e9alit\u00e9, celle-ci \u00e9tant d\u00e9j\u00e0 invers\u00e9e par rapport \u00e0 la r\u00e9alit\u00e9 vraie. Mais cela ne veut pas pour autant dire que vous \u00eates moche. Juste que vous ne portez pas forc\u00e9ment le bon regard sur vous, que vous ne prenez pas le bon angle de vue. Et surtout, que vous avez oubli\u00e9 une chose essentielle. La beaut\u00e9 n&#8217;est que subjective et ne fait nullement une personne et au final, la seule r\u00e9alit\u00e9 tangible, c&#8217;est celle que vous souhaitez renvoyer aux autres.<\/p>\n\n\n\n<figure class=\"wp-block-pullquote has-small-font-size\"><blockquote><p>Le narcissisme d\u00e9signe l&#8217;amour de soi en r\u00e9f\u00e9rence au mythe grec de Narcisse tomb\u00e9 amoureux de sa propre image. En psychanalyse, le concept est \u00e9labor\u00e9 dans les ann\u00e9es 1910 par Sigmund Freud en tant qu&#8217;\u00e9tape du d\u00e9veloppement de la libido au cours de la formation du moi con\u00e7u comme objet d&#8217;amour. Le terme peut aussi bien d\u00e9signer l&#8217;estime de soi qui s&#8217;\u00e9quilibre dans celle d&#8217;autrui, qu&#8217;une confiance en soi excessive, confinant \u00e0 l&#8217;\u00e9gocentrisme, c&#8217;est-\u00e0-dire non compens\u00e9e par une consid\u00e9ration d&#8217;autrui d\u00e9sint\u00e9ress\u00e9e.<\/p><\/blockquote><\/figure>\n\n\n\n<p class=\"has-small-font-size\"><\/p>\n\n\n\n<hr class=\"wp-block-separator has-alpha-channel-opacity\"\/>\n\n\n\n<div class=\"wp-block-columns is-layout-flex wp-container-core-columns-is-layout-1 wp-block-columns-is-layout-flex\">\n<div class=\"wp-block-column is-layout-flow wp-block-column-is-layout-flow\" style=\"border-style:none;border-width:0px\"><\/div>\n\n\n\n<div class=\"wp-block-column is-vertically-aligned-center is-layout-flow wp-block-column-is-layout-flow\"><nav class=\"is-responsive items-justified-center wp-block-navigation is-content-justification-center is-layout-flex wp-container-core-navigation-is-layout-1 wp-block-navigation-is-layout-flex\" aria-label=\"Footer navigation\" \n\t\t data-wp-interactive=\"core\/navigation\" data-wp-context='{\"overlayOpenedBy\":{\"click\":false,\"hover\":false,\"focus\":false},\"type\":\"overlay\",\"roleAttribute\":\"\",\"ariaLabel\":\"Menu\"}'><button aria-haspopup=\"dialog\" aria-label=\"Open menu\" class=\"wp-block-navigation__responsive-container-open\" \n\t\t\t\tdata-wp-on-async--click=\"actions.openMenuOnClick\"\n\t\t\t\tdata-wp-on--keydown=\"actions.handleMenuKeydown\"\n\t\t\t><svg width=\"24\" height=\"24\" xmlns=\"http:\/\/www.w3.org\/2000\/svg\" viewBox=\"0 0 24 24\" aria-hidden=\"true\" focusable=\"false\"><rect x=\"4\" y=\"7.5\" width=\"16\" height=\"1.5\" \/><rect x=\"4\" y=\"15\" width=\"16\" height=\"1.5\" \/><\/svg><\/button>\n\t\t\t\t<div class=\"wp-block-navigation__responsive-container\"  id=\"modal-1\" \n\t\t\t\tdata-wp-class--has-modal-open=\"state.isMenuOpen\"\n\t\t\t\tdata-wp-class--is-menu-open=\"state.isMenuOpen\"\n\t\t\t\tdata-wp-watch=\"callbacks.initMenu\"\n\t\t\t\tdata-wp-on--keydown=\"actions.handleMenuKeydown\"\n\t\t\t\tdata-wp-on-async--focusout=\"actions.handleMenuFocusout\"\n\t\t\t\ttabindex=\"-1\"\n\t\t\t>\n\t\t\t\t\t<div class=\"wp-block-navigation__responsive-close\" tabindex=\"-1\">\n\t\t\t\t\t\t<div class=\"wp-block-navigation__responsive-dialog\" \n\t\t\t\tdata-wp-bind--aria-modal=\"state.ariaModal\"\n\t\t\t\tdata-wp-bind--aria-label=\"state.ariaLabel\"\n\t\t\t\tdata-wp-bind--role=\"state.roleAttribute\"\n\t\t\t>\n\t\t\t\t\t\t\t<button aria-label=\"Close menu\" class=\"wp-block-navigation__responsive-container-close\" \n\t\t\t\tdata-wp-on-async--click=\"actions.closeMenuOnClick\"\n\t\t\t><svg xmlns=\"http:\/\/www.w3.org\/2000\/svg\" viewBox=\"0 0 24 24\" width=\"24\" height=\"24\" aria-hidden=\"true\" focusable=\"false\"><path d=\"m13.06 12 6.47-6.47-1.06-1.06L12 10.94 5.53 4.47 4.47 5.53 10.94 12l-6.47 6.47 1.06 1.06L12 13.06l6.47 6.47 1.06-1.06L13.06 12Z\"><\/path><\/svg><\/button>\n\t\t\t\t\t\t\t<div class=\"wp-block-navigation__responsive-container-content\" \n\t\t\t\tdata-wp-watch=\"callbacks.focusFirstElement\"\n\t\t\t id=\"modal-1-content\">\n\t\t\t\t\t\t\t\t<ul class=\"wp-block-navigation__container is-responsive items-justified-center wp-block-navigation\"><li class=\" wp-block-navigation-item wp-block-navigation-link\"><a class=\"wp-block-navigation-item__content\"  href=\"https:\/\/alainepron-photographer.fr\/index.php\/discussion-sur-la-photographie\/\"><span class=\"wp-block-navigation-item__label\">RETOUR AU BLOG<\/span><\/a><\/li><\/ul>\n\t\t\t\t\t\t\t<\/div>\n\t\t\t\t\t\t<\/div>\n\t\t\t\t\t<\/div>\n\t\t\t\t<\/div><\/nav><\/div>\n\n\n\n<div class=\"wp-block-column is-layout-flow wp-block-column-is-layout-flow\"><\/div>\n<\/div>\n","protected":false},"excerpt":{"rendered":"<p>S\u2019il y a un domaine qui a pris et continue de prendre de l&#8217;ampleur aujourd&#8217;hui en photographie, c&#8217;est la photo th\u00e9rapie. Comme souvent en photo, on y retrouve de tout et du n&#8217;importe quoi, et pour \u00eatre franc, beaucoup, beaucoup de n&#8217;importe quoi. Une repr\u00e9sentation Une photo est une repr\u00e9sentation d&#8217;un mod\u00e8le, d&#8217;une sc\u00e8ne, d&#8217;une [&hellip;]<\/p>\n","protected":false},"author":1,"featured_media":3539,"comment_status":"open","ping_status":"open","sticky":false,"template":"","format":"standard","meta":{"_seopress_robots_primary_cat":"none","_seopress_titles_title":"","_seopress_titles_desc":"","_seopress_robots_index":"","footnotes":""},"categories":[17],"tags":[],"class_list":["post-3537","post","type-post","status-publish","format-standard","has-post-thumbnail","hentry","category-blog"],"_links":{"self":[{"href":"https:\/\/alainepron-photographer.fr\/index.php\/wp-json\/wp\/v2\/posts\/3537","targetHints":{"allow":["GET"]}}],"collection":[{"href":"https:\/\/alainepron-photographer.fr\/index.php\/wp-json\/wp\/v2\/posts"}],"about":[{"href":"https:\/\/alainepron-photographer.fr\/index.php\/wp-json\/wp\/v2\/types\/post"}],"author":[{"embeddable":true,"href":"https:\/\/alainepron-photographer.fr\/index.php\/wp-json\/wp\/v2\/users\/1"}],"replies":[{"embeddable":true,"href":"https:\/\/alainepron-photographer.fr\/index.php\/wp-json\/wp\/v2\/comments?post=3537"}],"version-history":[{"count":3,"href":"https:\/\/alainepron-photographer.fr\/index.php\/wp-json\/wp\/v2\/posts\/3537\/revisions"}],"predecessor-version":[{"id":6385,"href":"https:\/\/alainepron-photographer.fr\/index.php\/wp-json\/wp\/v2\/posts\/3537\/revisions\/6385"}],"wp:featuredmedia":[{"embeddable":true,"href":"https:\/\/alainepron-photographer.fr\/index.php\/wp-json\/wp\/v2\/media\/3539"}],"wp:attachment":[{"href":"https:\/\/alainepron-photographer.fr\/index.php\/wp-json\/wp\/v2\/media?parent=3537"}],"wp:term":[{"taxonomy":"category","embeddable":true,"href":"https:\/\/alainepron-photographer.fr\/index.php\/wp-json\/wp\/v2\/categories?post=3537"},{"taxonomy":"post_tag","embeddable":true,"href":"https:\/\/alainepron-photographer.fr\/index.php\/wp-json\/wp\/v2\/tags?post=3537"}],"curies":[{"name":"wp","href":"https:\/\/api.w.org\/{rel}","templated":true}]}}