{"id":4365,"date":"2023-05-25T10:29:34","date_gmt":"2023-05-25T08:29:34","guid":{"rendered":"https:\/\/alainepron-photographer.fr\/?p=4365"},"modified":"2024-12-30T10:42:06","modified_gmt":"2024-12-30T09:42:06","slug":"le-portrait","status":"publish","type":"post","link":"https:\/\/alainepron-photographer.fr\/index.php\/2023\/05\/25\/le-portrait\/","title":{"rendered":"LE PORTRAIT"},"content":{"rendered":"\n<figure class=\"wp-block-image size-full\"><img loading=\"lazy\" decoding=\"async\" width=\"794\" height=\"446\" src=\"https:\/\/alainepron-photographer.fr\/wp-content\/uploads\/2023\/05\/PORTRAIT.jpg\" alt=\"Le portrait photographique\" class=\"wp-image-4368\" srcset=\"https:\/\/alainepron-photographer.fr\/wp-content\/uploads\/2023\/05\/PORTRAIT.jpg 794w, https:\/\/alainepron-photographer.fr\/wp-content\/uploads\/2023\/05\/PORTRAIT-300x169.jpg 300w, https:\/\/alainepron-photographer.fr\/wp-content\/uploads\/2023\/05\/PORTRAIT-768x431.jpg 768w, https:\/\/alainepron-photographer.fr\/wp-content\/uploads\/2023\/05\/PORTRAIT-250x140.jpg 250w, https:\/\/alainepron-photographer.fr\/wp-content\/uploads\/2023\/05\/PORTRAIT-550x309.jpg 550w, https:\/\/alainepron-photographer.fr\/wp-content\/uploads\/2023\/05\/PORTRAIT-320x180.jpg 320w, https:\/\/alainepron-photographer.fr\/wp-content\/uploads\/2023\/05\/PORTRAIT-534x300.jpg 534w\" sizes=\"auto, (max-width: 794px) 100vw, 794px\" \/><\/figure>\n\n\n\n<p class=\"has-small-font-size\">S&#8217;il y a bien une chose qui est assez mal d\u00e9fini par de nombreux photographes et encore plus par le grand public, c&#8217;est bien la notion de portrait. Et \u00e0 ce niveau-l\u00e0, on entend souvent tout et n&#8217;importe quoi. Pourtant, ce n&#8217;est pas si compliqu\u00e9 que cela et cela rel\u00e8ve du bon sens.<\/p>\n\n\n\n<h2 class=\"wp-block-heading has-tertiary-color has-text-color has-medium-font-size\">Qu&#8217;est-ce qu&#8217;un portrait ?<\/h2>\n\n\n\n<p class=\"has-small-font-size\">Selon le Centre National de Ressources Textuelles et Lexicales, il s&#8217;agit d&#8217;une \u00ab Repr\u00e9sentation, d&#8217;apr\u00e8s un mod\u00e8le r\u00e9el, d&#8217;un \u00eatre (surtout d&#8217;un \u00eatre anim\u00e9) par un artiste qui s&#8217;attache \u00e0 en reproduire ou \u00e0 en interpr\u00e9ter les traits et expressions caract\u00e9ristiques. \u00bb<\/p>\n\n\n\n<h2 class=\"wp-block-heading has-tertiary-color has-text-color has-medium-font-size\">Quel est le but d&#8217;un portrait ?<\/h2>\n\n\n\n<p class=\"has-small-font-size\">Il ne s&#8217;agit pas seulement d&#8217;immortaliser une personne mais il s&#8217;agit aussi de capter une sensibilit\u00e9, une personnalit\u00e9, un trait d&#8217;humeur ou de caract\u00e8re chez la personne qui se fait photographier afin de rendre le portrait parlant et int\u00e9ressant, et ce, que ce soit dans le cadre personnel ou professionnel (\u00e0 l&#8217;inverse de la photographie d&#8217;identit\u00e9 o\u00f9 l&#8217;on vous demande d&#8217;\u00eatre le plus neutre possible).<\/p>\n\n\n\n<h2 class=\"wp-block-heading has-tertiary-color has-text-color has-medium-font-size\">Quels sont les types d&#8217;un portrait ?<\/h2>\n\n\n\n<p class=\"has-small-font-size\">Il existe diff\u00e9rents types de portraits : en pied (la personne en entier), en buste (jusqu&#8217;\u00e0 la taille) ou simplement le visage, plus ou moins serr\u00e9. Cela peut \u00eatre un portrait individuel ou de groupe. La personne est pr\u00e9sent\u00e9e soit assise, debout, de dos, de face, de profil ou de trois-quarts. Il y a en fait toutes les configurations possibles. Donc non, un portrait n&#8217;est pas seulement une photographie du visage en gros plan fa\u00e7on trombinoscope.<\/p>\n\n\n\n<p class=\"has-small-font-size\"><strong>Par contre, il y a une caract\u00e9ristique commune quel que soit le portrait pour que celui-ci soit r\u00e9ussi, c&#8217;est la connexion entre la personne qui se fait photographier et le photographe, et au-del\u00e0, avec la personne qui regardera la photo. Cela passe in\u00e9vitablement par le regard et par l&#8217;intention qui y est mis. C&#8217;est pour cela qu&#8217;un portrait ne se fait pas \u00e0 la va-vite, que cela demande un minimum de temps, de communication afin que cette connexion, indispensable, se fasse.<\/strong><\/p>\n","protected":false},"excerpt":{"rendered":"<p>S&#8217;il y a bien une chose qui est assez mal d\u00e9fini par de nombreux photographes et encore plus par le grand public, c&#8217;est bien la notion de portrait. Et \u00e0 ce niveau-l\u00e0, on entend souvent tout et n&#8217;importe quoi. Pourtant, ce n&#8217;est pas si compliqu\u00e9 que cela et cela rel\u00e8ve du bon sens. Qu&#8217;est-ce qu&#8217;un [&hellip;]<\/p>\n","protected":false},"author":1,"featured_media":4368,"comment_status":"open","ping_status":"open","sticky":false,"template":"","format":"standard","meta":{"_seopress_robots_primary_cat":"none","_seopress_titles_title":"","_seopress_titles_desc":"","_seopress_robots_index":"","footnotes":""},"categories":[17],"tags":[],"class_list":["post-4365","post","type-post","status-publish","format-standard","has-post-thumbnail","hentry","category-blog"],"_links":{"self":[{"href":"https:\/\/alainepron-photographer.fr\/index.php\/wp-json\/wp\/v2\/posts\/4365","targetHints":{"allow":["GET"]}}],"collection":[{"href":"https:\/\/alainepron-photographer.fr\/index.php\/wp-json\/wp\/v2\/posts"}],"about":[{"href":"https:\/\/alainepron-photographer.fr\/index.php\/wp-json\/wp\/v2\/types\/post"}],"author":[{"embeddable":true,"href":"https:\/\/alainepron-photographer.fr\/index.php\/wp-json\/wp\/v2\/users\/1"}],"replies":[{"embeddable":true,"href":"https:\/\/alainepron-photographer.fr\/index.php\/wp-json\/wp\/v2\/comments?post=4365"}],"version-history":[{"count":4,"href":"https:\/\/alainepron-photographer.fr\/index.php\/wp-json\/wp\/v2\/posts\/4365\/revisions"}],"predecessor-version":[{"id":6383,"href":"https:\/\/alainepron-photographer.fr\/index.php\/wp-json\/wp\/v2\/posts\/4365\/revisions\/6383"}],"wp:featuredmedia":[{"embeddable":true,"href":"https:\/\/alainepron-photographer.fr\/index.php\/wp-json\/wp\/v2\/media\/4368"}],"wp:attachment":[{"href":"https:\/\/alainepron-photographer.fr\/index.php\/wp-json\/wp\/v2\/media?parent=4365"}],"wp:term":[{"taxonomy":"category","embeddable":true,"href":"https:\/\/alainepron-photographer.fr\/index.php\/wp-json\/wp\/v2\/categories?post=4365"},{"taxonomy":"post_tag","embeddable":true,"href":"https:\/\/alainepron-photographer.fr\/index.php\/wp-json\/wp\/v2\/tags?post=4365"}],"curies":[{"name":"wp","href":"https:\/\/api.w.org\/{rel}","templated":true}]}}